{"id":55733,"date":"2022-01-05T09:06:16","date_gmt":"2022-01-05T08:06:16","guid":{"rendered":"https:\/\/zfl-lernen.de\/?p=55733"},"modified":"2025-05-26T11:36:47","modified_gmt":"2025-05-26T09:36:47","slug":"wir-erzaehlen-die-martinsgeschichte","status":"publish","type":"post","link":"https:\/\/zfl-lernen.de\/en\/wir-erzaehlen-die-martinsgeschichte\/","title":{"rendered":"Wir erz\u00e4hlen die Martinsgeschichte"},"content":{"rendered":"<div class=\"wpb-content-wrapper\"><div class=\"vc_row wpb_row vc_row-fluid vc_column-gap-15\"><div class=\"wpb_column vc_column_container vc_col-sm-3 vc_col-has-fill\"><div class=\"vc_column-inner vc_custom_1618922049017\"><div class=\"wpb_wrapper\"><div class=\"vc_row wpb_row vc_inner vc_row-fluid e-teaching_info vc_row-o-equal-height vc_row-o-content-top vc_row-flex\"><div class=\"wpb_column vc_column_container vc_col-sm-12\"><div class=\"vc_column-inner\"><div class=\"wpb_wrapper\"><div class=\"vc_icon_element vc_icon_element-outer vc_custom_1618994630667 vc_do_icon vc_icon_element-align-center\"><div class=\"vc_icon_element-inner vc_icon_element-color-white vc_icon_element-size-sm vc_icon_element-style- vc_icon_element-background-color-grey\" ><span class=\"vc_icon_element-icon fas fa-hotel\" ><\/span><\/div><\/div>\n\t<div class=\"wpb_text_column wpb_content_element\" >\n\t\t<div class=\"wpb_wrapper\">\n\t\t\t<p style=\"text-align: center;\"><strong>Schulform<\/strong><br \/>\nF\u00f6rderschule Sprache<\/p>\n\n\t\t<\/div>\n\t<\/div>\n<div class=\"vc_empty_space\"   style=\"height: 20px\"><span class=\"vc_empty_space_inner\"><\/span><\/div><div class=\"vc_icon_element vc_icon_element-outer vc_do_icon vc_icon_element-align-center\"><div class=\"vc_icon_element-inner vc_icon_element-color-white vc_icon_element-size-sm vc_icon_element-style- vc_icon_element-background-color-grey\" ><span class=\"vc_icon_element-icon fas fa-book-open\" ><\/span><\/div><\/div>\n\t<div class=\"wpb_text_column wpb_content_element\" >\n\t\t<div class=\"wpb_wrapper\">\n\t\t\t<p style=\"text-align: center;\"><strong>Fach<\/strong><br \/>\nDeutsch<br \/>\n(F\u00dc: Religion)<\/p>\n\n\t\t<\/div>\n\t<\/div>\n<div class=\"vc_empty_space\"   style=\"height: 20px\"><span class=\"vc_empty_space_inner\"><\/span><\/div><div class=\"vc_icon_element vc_icon_element-outer vc_do_icon vc_icon_element-align-center\"><div class=\"vc_icon_element-inner vc_icon_element-color-white vc_icon_element-size-sm vc_icon_element-style- vc_icon_element-background-color-grey\" ><span class=\"vc_icon_element-icon fas fa-layer-group\" ><\/span><\/div><\/div>\n\t<div class=\"wpb_text_column wpb_content_element\" >\n\t\t<div class=\"wpb_wrapper\">\n\t\t\t<p style=\"text-align: center;\"><strong>Jahrgangsstufe<\/strong><br \/>\nS3 (3. Schulbesuchsjahr)<\/p>\n\n\t\t<\/div>\n\t<\/div>\n<div class=\"vc_empty_space\"   style=\"height: 20px\"><span class=\"vc_empty_space_inner\"><\/span><\/div><div class=\"vc_icon_element vc_icon_element-outer vc_do_icon vc_icon_element-align-center\"><div class=\"vc_icon_element-inner vc_icon_element-color-white vc_icon_element-size-sm vc_icon_element-style- vc_icon_element-background-color-grey\" ><span class=\"vc_icon_element-icon fas fa-map-marker-alt\" ><\/span><\/div><\/div>\n\t<div class=\"wpb_text_column wpb_content_element\" >\n\t\t<div class=\"wpb_wrapper\">\n\t\t\t<p style=\"text-align: center;\"><strong>Standort<\/strong><br \/>\nNRW<\/p>\n\n\t\t<\/div>\n\t<\/div>\n<div class=\"vc_empty_space\"   style=\"height: 20px\"><span class=\"vc_empty_space_inner\"><\/span><\/div><div class=\"vc_icon_element vc_icon_element-outer vc_do_icon vc_icon_element-align-center\"><div class=\"vc_icon_element-inner vc_icon_element-color-white vc_icon_element-size-sm vc_icon_element-style- vc_icon_element-background-color-grey\" ><span class=\"vc_icon_element-icon fas fa-tools\" ><\/span><\/div><\/div>\n\t<div class=\"wpb_text_column wpb_content_element\" >\n\t\t<div class=\"wpb_wrapper\">\n\t\t\t<p style=\"text-align: center;\"><strong>Verwendete Tools<\/strong><br \/>\nPadlet<br \/>\nvocaroo<\/p>\n\n\t\t<\/div>\n\t<\/div>\n<div class=\"vc_empty_space\"   style=\"height: 20px\"><span class=\"vc_empty_space_inner\"><\/span><\/div><\/div><\/div><\/div><\/div><div class=\"vc_empty_space\"   style=\"height: 20px\"><span class=\"vc_empty_space_inner\"><\/span><\/div><div class=\"vc_btn3-container  eteaching-expert-navi vc_btn3-left vc_custom_1619009494109 vc_do_btn\" ><a class=\"vc_general vc_btn3 vc_btn3-size-md vc_btn3-shape-rounded vc_btn3-style-modern vc_btn3-block vc_btn3-icon-left vc_btn3-color-default\" href=\"#uebersicht\" title=\"\"><i class=\"vc_btn3-icon fas fa-angle-right\"><\/i> \u00dcbersicht<\/a><\/div><div class=\"vc_btn3-container vc_btn3-left vc_do_btn\" ><a class=\"vc_general vc_btn3 vc_btn3-size-md vc_btn3-shape-rounded vc_btn3-style-modern vc_btn3-block vc_btn3-icon-left vc_btn3-color-default\" href=\"#voraussetzung\" title=\"\"><i class=\"vc_btn3-icon fas fa-angle-right\"><\/i> Voraussetzung<\/a><\/div><div class=\"vc_btn3-container vc_btn3-left vc_do_btn\" ><a class=\"vc_general vc_btn3 vc_btn3-size-md vc_btn3-shape-rounded vc_btn3-style-modern vc_btn3-block vc_btn3-icon-left vc_btn3-color-default\" href=\"#planung\" title=\"\"><i class=\"vc_btn3-icon fas fa-angle-right\"><\/i> Planung<\/a><\/div><div class=\"vc_btn3-container vc_btn3-left vc_do_btn\" ><a class=\"vc_general vc_btn3 vc_btn3-size-md vc_btn3-shape-rounded vc_btn3-style-modern vc_btn3-block vc_btn3-icon-left vc_btn3-color-default\" href=\"#durchf\u00fchrung\" title=\"\"><i class=\"vc_btn3-icon fas fa-angle-right\"><\/i> Durchf\u00fchrung<\/a><\/div><div class=\"vc_btn3-container vc_btn3-left vc_do_btn\" id=\"#konkretesMaterial\" ><a class=\"vc_general vc_btn3 vc_btn3-size-md vc_btn3-shape-rounded vc_btn3-style-modern vc_btn3-block vc_btn3-icon-left vc_btn3-color-default\" href=\"#material\" title=\"\"><i class=\"vc_btn3-icon fas fa-angle-right\"><\/i> konkretes Material<\/a><\/div><div class=\"vc_empty_space\"   style=\"height: 20px\"><span class=\"vc_empty_space_inner\"><\/span><\/div><div class=\"vc_btn3-container vc_btn3-left vc_do_btn\" ><a class=\"vc_general vc_btn3 vc_btn3-size-md vc_btn3-shape-rounded vc_btn3-style-modern vc_btn3-block vc_btn3-icon-left vc_btn3-color-black\" href=\"https:\/\/zfl-lernen.de\/en\/eteaching-impulse\/\" title=\"\"><i class=\"vc_btn3-icon fas fa-angle-right\"><\/i> \u00dcbersicht aller Planungen<\/a><\/div><\/div><\/div><\/div><div class=\"wpb_column vc_column_container vc_col-sm-9\"><div class=\"vc_column-inner\"><div class=\"wpb_wrapper\"><div class=\"vc_row wpb_row vc_inner vc_row-fluid\"><div class=\"wpb_column vc_column_container vc_col-sm-6\"><div class=\"vc_column-inner\"><div class=\"wpb_wrapper\">\n\t<div class=\"wpb_text_column wpb_content_element\" >\n\t\t<div class=\"wpb_wrapper\">\n\t\t\t<p><strong>Autor*in<\/strong><\/p>\n\n\t\t<\/div>\n\t<\/div>\n\n\t<div class=\"wpb_text_column wpb_content_element\" >\n\t\t<div class=\"wpb_wrapper\">\n\t\t\t<p>Marie Meier (meier@bgs-gescher.de)<\/p>\n<ul>\n<li>F\u00f6rderschullehrerin (F\u00f6rderschwerpunkt Sprache, Br\u00fcder-Grimm-Schule Gescher)<\/li>\n<li>F\u00f6rderschule Sprache (Primarbereich)<\/li>\n<\/ul>\n\n\t\t<\/div>\n\t<\/div>\n<div class=\"vc_empty_space\"   style=\"height: 35px\"><span class=\"vc_empty_space_inner\"><\/span><\/div>\n\t<div class=\"wpb_text_column wpb_content_element\" >\n\t\t<div class=\"wpb_wrapper\">\n\t\t\t<p><strong>Beschreibung<\/strong><\/p>\n\n\t\t<\/div>\n\t<\/div>\n<div class=\"vc_empty_space\"   style=\"height: 20px\"><span class=\"vc_empty_space_inner\"><\/span><\/div>\n\t<div class=\"wpb_text_column wpb_content_element\" >\n\t\t<div class=\"wpb_wrapper\">\n\t\t\t<p>Ankn\u00fcpfend an Bereiche aus der Lebenswelt der Sch\u00fcler*innen wird f\u00e4cher\u00fcbergreifend anhand der Martinsgeschichte die Erz\u00e4hlkompetenz gef\u00f6rdert. Die Aufgaben sollen die Kinder dazu anregen unterschiedliche Sprechvariationen zu erproben.<\/p>\n\n\t\t<\/div>\n\t<\/div>\n<div class=\"vc_empty_space\"   style=\"height: 40px\"><span class=\"vc_empty_space_inner\"><\/span><\/div><\/div><\/div><\/div><div class=\"wpb_column vc_column_container vc_col-sm-6\"><div class=\"vc_column-inner\"><div class=\"wpb_wrapper\">\n\t<div class=\"wpb_text_column wpb_content_element\" >\n\t\t<div class=\"wpb_wrapper\">\n\t\t\t<p><strong>Einsetzbares Material<\/strong><\/p>\n\n\t\t<\/div>\n\t<\/div>\n<div class=\"vc_empty_space\"   style=\"height: 20px\"><span class=\"vc_empty_space_inner\"><\/span><\/div><div class=\"vc-hoverbox-wrapper  wpb_animate_when_almost_visible wpb_fadeInDown fadeInDown vc-hoverbox-shape--rounded vc-hoverbox-align--center vc-hoverbox-direction--default vc-hoverbox-width--100\"  ontouchstart=\"\">\n  <div class=\"vc-hoverbox\">\n    <div class=\"vc-hoverbox-inner\">\n      <div class=\"vc-hoverbox-block vc-hoverbox-front\" style=\"background-image: url(https:\/\/zfl-lernen.de\/wp-content\/uploads\/eTeaching_MarieMeier.png);\">\n        <div class=\"vc-hoverbox-block-inner vc-hoverbox-front-inner\">\n            \n        <\/div>\n      <\/div>\n      <div class=\"vc-hoverbox-block vc-hoverbox-back\" style=\"background-color: #ebebeb;\">\n        <div class=\"vc-hoverbox-block-inner vc-hoverbox-back-inner\">\n            \n            <a href=\"https:\/\/zfl-lernen.de\/wp-content\/uploads\/pptMarie.Meier_.eteaching.pdf\" class=\"pdfemb-viewer\" style=\"\" data-width=\"max\" data-height=\"max\" data-toolbar=\"bottom\" data-toolbar-fixed=\"off\">pptMarie.Meier.eteaching<\/a>\n\n            <div class=\"vc_btn3-container vc_btn3-inline vc_do_btn\" ><a class=\"vc_general vc_btn3 vc_btn3-size-lg vc_btn3-shape-rounded vc_btn3-style-modern vc_btn3-color-black\" href=\"https:\/\/zfl-lernen.de\/wp-content\/uploads\/pptMarie.Meier_.eteaching.pdf\" title=\"\" target=\"_blank\">Zur Planung<\/a><\/div>\n        <\/div>\n      <\/div>\n    <\/div>\n  <\/div>\n<\/div><div class=\"vc_empty_space\"   style=\"height: 20px\"><span class=\"vc_empty_space_inner\"><\/span><\/div>\n\t<div class=\"wpb_text_column wpb_content_element\" >\n\t\t<div class=\"wpb_wrapper\">\n\t\t\t<p>Die Pr\u00e4sentation dient der \u00dcbersicht \u00fcber die geplante Unterrichtssequenz. Die konkrete Stundenplanung ist unter dem gleichnamigen Punkt 2 einsehbar.<\/p>\n\n\t\t<\/div>\n\t<\/div>\n<\/div><\/div><\/div><\/div><div class=\"vc_empty_space\"   style=\"height: 20px\"><span class=\"vc_empty_space_inner\"><\/span><\/div><div class=\"vc_separator wpb_content_element vc_separator_align_center vc_sep_width_100 vc_sep_border_width_2 vc_sep_pos_align_center vc_sep_color_blue wpb_content_element vc_separator-has-text\" id=\"voraussetzung\"><span class=\"vc_sep_holder vc_sep_holder_l\"><span class=\"vc_sep_line\"><\/span><\/span><h4>Voraussetzungen<\/h4><span class=\"vc_sep_holder vc_sep_holder_r\"><span class=\"vc_sep_line\"><\/span><\/span>\n<\/div><div class=\"vc_empty_space\"   style=\"height: 40px\"><span class=\"vc_empty_space_inner\"><\/span><\/div><div class=\"vc_row wpb_row vc_inner vc_row-fluid\"><div class=\"wpb_column vc_column_container vc_col-sm-2\"><div class=\"vc_column-inner\"><div class=\"wpb_wrapper\">\n\t<div  class=\"wpb_single_image wpb_content_element vc_align_left wpb_content_element\">\n\t\t\n\t\t<figure class=\"wpb_wrapper vc_figure\">\n\t\t\t<div class=\"vc_single_image-wrapper   vc_box_border_grey\"><\/div>\n\t\t<\/figure>\n\t<\/div>\n<\/div><\/div><\/div><div class=\"wpb_column vc_column_container vc_col-sm-10\"><div class=\"vc_column-inner\"><div class=\"wpb_wrapper\">\n\t<div class=\"wpb_text_column wpb_content_element\" >\n\t\t<div class=\"wpb_wrapper\">\n\t\t\t<p><strong>Rahmenbedingungen<\/strong><\/p>\n\n\t\t<\/div>\n\t<\/div>\n<div class=\"vc_empty_space\"   style=\"height: 20px\"><span class=\"vc_empty_space_inner\"><\/span><\/div>\n\t<div class=\"wpb_text_column wpb_content_element\" >\n\t\t<div class=\"wpb_wrapper\">\n\t\t\t<p>\u2022 Die Klasse S3a besteht aus 15 Sch\u00fclerinnen und Sch\u00fclern, davon sechs M\u00e4dchen und neun Jungen. Den Gro\u00dfteil des Unterrichts bin ich als Klassenlehrerin alleine in der Lerngruppe. Zus\u00e4tzlich wird ein autistischer Sch\u00fcler von einer Integrationskraft unterst\u00fctzt und ein M\u00e4dchen ben\u00f6tigt Hilfe von einer Kinderkrankenschwester.<br \/>\n\u2022 Vorerfahrungen: Seit diesem Schuljahr stehen allen Klassen iPads zur Verf\u00fcgung, mit denen auch bereits erste Erfahrungen gemacht werden konnten. Die Kinder kennen einzelne Funktionen und Regeln zum Umgang mit den Ger\u00e4ten.<\/p>\n\n\t\t<\/div>\n\t<\/div>\n<\/div><\/div><\/div><\/div><div class=\"vc_empty_space\"   style=\"height: 20px\"><span class=\"vc_empty_space_inner\"><\/span><\/div><div class=\"vc_row wpb_row vc_inner vc_row-fluid\"><div class=\"wpb_column vc_column_container vc_col-sm-2\"><div class=\"vc_column-inner\"><div class=\"wpb_wrapper\">\n\t<div  class=\"wpb_single_image wpb_content_element vc_align_left wpb_content_element\">\n\t\t\n\t\t<figure class=\"wpb_wrapper vc_figure\">\n\t\t\t<div class=\"vc_single_image-wrapper   vc_box_border_grey\"><img loading=\"lazy\" decoding=\"async\" width=\"150\" height=\"150\" src=\"https:\/\/zfl-lernen.de\/wp-content\/uploads\/ico_lernstart-150x150.png\" class=\"vc_single_image-img attachment-thumbnail\" alt=\"Lernstart\" title=\"ico_lernstart\" srcset=\"https:\/\/zfl-lernen.de\/wp-content\/uploads\/ico_lernstart-150x150.png 150w, https:\/\/zfl-lernen.de\/wp-content\/uploads\/ico_lernstart-12x12.png 12w, https:\/\/zfl-lernen.de\/wp-content\/uploads\/ico_lernstart.png 200w\" sizes=\"auto, (max-width: 150px) 100vw, 150px\" \/><\/div>\n\t\t<\/figure>\n\t<\/div>\n<\/div><\/div><\/div><div class=\"wpb_column vc_column_container vc_col-sm-10\"><div class=\"vc_column-inner\"><div class=\"wpb_wrapper\">\n\t<div class=\"wpb_text_column wpb_content_element\" >\n\t\t<div class=\"wpb_wrapper\">\n\t\t\t<p><strong>Angestrebte Lernziele<\/strong><\/p>\n\n\t\t<\/div>\n\t<\/div>\n<div class=\"vc_empty_space\"   style=\"height: 20px\"><span class=\"vc_empty_space_inner\"><\/span><\/div>\n\t<div class=\"wpb_text_column wpb_content_element\" >\n\t\t<div class=\"wpb_wrapper\">\n\t\t\t<p><strong>\u2022 Fach Deutsch<\/strong>: Die Sch\u00fclerinnen und Sch\u00fcler erweitern ihre Erz\u00e4hlf\u00e4higkeiten und lernen Informationen adressatenbezogen weiterzugeben.<\/p>\n\n\t\t<\/div>\n\t<\/div>\n<div class=\"vc_empty_space\"   style=\"height: 20px\"><span class=\"vc_empty_space_inner\"><\/span><\/div>\n\t<div class=\"wpb_text_column wpb_content_element\" >\n\t\t<div class=\"wpb_wrapper\">\n\t\t\t<p>\u2022 <strong>F\u00f6rderschwerpunkt Sprache<\/strong>: Die Sch\u00fclerinnen und Sch\u00fcler erweitern ihre \u00c4u\u00dferungsl\u00e4ngen beim Sprechen, artikulieren sich in verst\u00e4ndlichen Lautst\u00e4rken und Sprechgeschwindigkeiten, reduzieren Sprech\u00e4ngste durch die Mittelbarkeit der Aufnahmemedien.<\/p>\n\n\t\t<\/div>\n\t<\/div>\n<\/div><\/div><\/div><\/div><div class=\"vc_empty_space\"   style=\"height: 20px\"><span class=\"vc_empty_space_inner\"><\/span><\/div><\/div><\/div><\/div><\/div><div class=\"vc_row wpb_row vc_row-fluid\"><div class=\"wpb_column vc_column_container vc_col-sm-12\"><div class=\"vc_column-inner\"><div class=\"wpb_wrapper\"><div class=\"vc_separator wpb_content_element vc_separator_align_center vc_sep_width_100 vc_sep_border_width_2 vc_sep_pos_align_center vc_sep_color_blue wpb_content_element vc_separator-has-text\" id=\"planung\"><span class=\"vc_sep_holder vc_sep_holder_l\"><span class=\"vc_sep_line\"><\/span><\/span><h4>Planung<\/h4><span class=\"vc_sep_holder vc_sep_holder_r\"><span class=\"vc_sep_line\"><\/span><\/span>\n<\/div><div class=\"vc_empty_space\"   style=\"height: 40px\"><span class=\"vc_empty_space_inner\"><\/span><\/div>\n\t<div class=\"wpb_text_column wpb_content_element\" >\n\t\t<div class=\"wpb_wrapper\">\n\t\t\t<p><strong>(A)Synchrone Kommunikation mit der Lerngruppe<\/strong><\/p>\n<p>\u2022 Die Kommunikation findet zun\u00e4chst synchron und in Pr\u00e4senz statt, denn die Sch\u00fclerinnen und Sch\u00fcler sowie die Lehrkraft erz\u00e4hlen die Geschichte, w\u00e4hrend alle sich im selben Raum befinden.<br \/>\n\u2022 Das Setting wechselt jedoch in die Distanz, wenn davon ausgegangen wird, dass die entstandenen Filme und Aufzeichnungen sp\u00e4ter auch anderen Kindern oder den Eltern zug\u00e4nglich gemacht werden sollen.<br \/>\n\u2022 Ein Learning der Sequenz besteht eben darin, welche Inhalte in einer Erz\u00e4hlung enthalten sein m\u00fcssen, wenn diese nicht mehr synchron und pr\u00e4sent sondern distanziert stattfindet und zu einem anderen Zeitpunkt Inhalte vermitteln soll.<\/p>\n\n\t\t<\/div>\n\t<\/div>\n<div class=\"vc_empty_space\"   style=\"height: 20px\"><span class=\"vc_empty_space_inner\"><\/span><\/div><div class=\"vc_empty_space\"   style=\"height: 20px\"><span class=\"vc_empty_space_inner\"><\/span><\/div>\n\t<div class=\"wpb_text_column wpb_content_element\" >\n\t\t<div class=\"wpb_wrapper\">\n\t\t\t<p><strong>Der eTeaching-Burger in der geplanten Sequenz<\/strong><\/p>\n\n\t\t<\/div>\n\t<\/div>\n<div class=\"vc_empty_space\"   style=\"height: 20px\"><span class=\"vc_empty_space_inner\"><\/span><\/div><div class=\"vc_row wpb_row vc_inner vc_row-fluid\"><div class=\"wpb_column vc_column_container vc_col-sm-2\"><div class=\"vc_column-inner\"><div class=\"wpb_wrapper\">\n\t<div  class=\"wpb_single_image wpb_content_element vc_align_left wpb_content_element\">\n\t\t\n\t\t<figure class=\"wpb_wrapper vc_figure\">\n\t\t\t<div class=\"vc_single_image-wrapper   vc_box_border_grey\"><img loading=\"lazy\" decoding=\"async\" width=\"150\" height=\"150\" src=\"https:\/\/zfl-lernen.de\/wp-content\/uploads\/ico_hinweis-150x150.png\" class=\"vc_single_image-img attachment-thumbnail\" alt=\"Icon Hinweis\" title=\"ico_hinweis\" srcset=\"https:\/\/zfl-lernen.de\/wp-content\/uploads\/ico_hinweis-150x150.png 150w, https:\/\/zfl-lernen.de\/wp-content\/uploads\/ico_hinweis-12x12.png 12w, https:\/\/zfl-lernen.de\/wp-content\/uploads\/ico_hinweis.png 200w\" sizes=\"auto, (max-width: 150px) 100vw, 150px\" \/><\/div>\n\t\t<\/figure>\n\t<\/div>\n<\/div><\/div><\/div><div class=\"wpb_column vc_column_container vc_col-sm-10\"><div class=\"vc_column-inner\"><div class=\"wpb_wrapper\">\n\t<div class=\"wpb_text_column wpb_content_element\" >\n\t\t<div class=\"wpb_wrapper\">\n\t\t\t<p>Um zu sehen, wie sich die im eTeaching-Burger beschriebenen Prinzipien qualitativ hochwertigen Hybridunterrichts in der dargestellten Unterrichtssequenz wiederfinden, klicken Sie auf die Zutaten in der interaktiven Burgergrafik.<\/p>\n\n\t\t<\/div>\n\t<\/div>\n<\/div><\/div><\/div><\/div><div class=\"vc_row wpb_row vc_inner vc_row-fluid\"><div class=\"wpb_column vc_column_container vc_col-sm-3\"><div class=\"vc_column-inner\"><div class=\"wpb_wrapper\"><\/div><\/div><\/div><div class=\"wpb_column vc_column_container vc_col-sm-6\"><div class=\"vc_column-inner\"><div class=\"wpb_wrapper\">\n\t<div class=\"wpb_text_column wpb_content_element\" >\n\t\t<div class=\"wpb_wrapper\">\n\t\t\t<div class=\"postbox-header\">\n<div class=\"handle-actions hide-if-no-js\">\n<style>\n\t#hotspot-83735 .hotspots-image-container,\n\t#hotspot-83735 .leaflet-container {\n\t\tbackground: #efefef\t}\n\n\t#hotspot-83735 .hotspots-placeholder,\n\t.featherlight .featherlight-content.lightbox-83735 {\n\t\tbackground: #ffffff;\n\t\tborder: 0 #ffffff solid;\n\t\tcolor: #000000;\n\t}\n\n\t#hotspot-83735 .hotspot-title,\n\t#hotspot-83735 .bc-product__title a,\n\t.featherlight .featherlight-content.lightbox-83735 .hotspot-title,\n\t.featherlight .featherlight-content.lightbox-83735 .bc-product__title a {\n\t\tcolor: #000000;\n\t}\n\n\t\t\t#hotspot-83735 .hotspot-braun {\n\t\t\tstroke-width: 5;\n\t\t\tfill: #ffffff;\n\t\t\tfill-opacity: 0;\n\t\t\tstroke: #ffffff;\n\t\t\tstroke-opacity: 0;\n\t\t}\n\t\t#hotspot-83735 .hotspot-braun:hover,\n\t\t#hotspot-83735 .hotspot-braun:focus,\n\t\t#hotspot-83735 .hotspot-braun.hotspot-active {\n\t\t\tfill: #ffffff;\n\t\t\tfill-opacity: 0.31;\n\t\t\toutline: none;\n\t\t\tstroke: #c46f00;\n\t\t\tstroke-opacity: 0.81;\n\t\t}\n\t\t\t#hotspot-83735 .hotspot-rot {\n\t\t\tstroke-width: 5;\n\t\t\tfill: #ffffff;\n\t\t\tfill-opacity: 0;\n\t\t\tstroke: #ffffff;\n\t\t\tstroke-opacity: 0;\n\t\t}\n\t\t#hotspot-83735 .hotspot-rot:hover,\n\t\t#hotspot-83735 .hotspot-rot:focus,\n\t\t#hotspot-83735 .hotspot-rot.hotspot-active {\n\t\t\tfill: #ffffff;\n\t\t\tfill-opacity: 0.31;\n\t\t\toutline: none;\n\t\t\tstroke: #dd0000;\n\t\t\tstroke-opacity: 0.81;\n\t\t}\n\t\t\t#hotspot-83735 .hotspot-dunkles-braun {\n\t\t\tstroke-width: 5;\n\t\t\tfill: #ffffff;\n\t\t\tfill-opacity: 0;\n\t\t\tstroke: #ffffff;\n\t\t\tstroke-opacity: 0;\n\t\t}\n\t\t#hotspot-83735 .hotspot-dunkles-braun:hover,\n\t\t#hotspot-83735 .hotspot-dunkles-braun:focus,\n\t\t#hotspot-83735 .hotspot-dunkles-braun.hotspot-active {\n\t\t\tfill: #ffffff;\n\t\t\tfill-opacity: 0.31;\n\t\t\toutline: none;\n\t\t\tstroke: #7f4800;\n\t\t\tstroke-opacity: 0.81;\n\t\t}\n\t\t\t#hotspot-83735 .hotspot-gelb {\n\t\t\tstroke-width: 5;\n\t\t\tfill: #ffffff;\n\t\t\tfill-opacity: 0;\n\t\t\tstroke: #ffffff;\n\t\t\tstroke-opacity: 0;\n\t\t}\n\t\t#hotspot-83735 .hotspot-gelb:hover,\n\t\t#hotspot-83735 .hotspot-gelb:focus,\n\t\t#hotspot-83735 .hotspot-gelb.hotspot-active {\n\t\t\tfill: #ffffff;\n\t\t\tfill-opacity: 0.31;\n\t\t\toutline: none;\n\t\t\tstroke: #e5de20;\n\t\t\tstroke-opacity: 0.81;\n\t\t}\n\t\t\t#hotspot-83735 .hotspot-gruen {\n\t\t\tstroke-width: 5;\n\t\t\tfill: #ffffff;\n\t\t\tfill-opacity: 0;\n\t\t\tstroke: #ffffff;\n\t\t\tstroke-opacity: 0;\n\t\t}\n\t\t#hotspot-83735 .hotspot-gruen:hover,\n\t\t#hotspot-83735 .hotspot-gruen:focus,\n\t\t#hotspot-83735 .hotspot-gruen.hotspot-active {\n\t\t\tfill: #ffffff;\n\t\t\tfill-opacity: 0.31;\n\t\t\toutline: none;\n\t\t\tstroke: #81d742;\n\t\t\tstroke-opacity: 0.81;\n\t\t}\n\t\t\t#hotspot-83735 .hotspot-default {\n\t\t\tstroke-width: 5;\n\t\t\tfill: #ffffff;\n\t\t\tfill-opacity: 0;\n\t\t\tstroke: #ffffff;\n\t\t\tstroke-opacity: 0;\n\t\t}\n\t\t#hotspot-83735 .hotspot-default:hover,\n\t\t#hotspot-83735 .hotspot-default:focus,\n\t\t#hotspot-83735 .hotspot-default.hotspot-active {\n\t\t\tfill: #ffffff;\n\t\t\tfill-opacity: 0.31;\n\t\t\toutline: none;\n\t\t\tstroke: #ffffff;\n\t\t\tstroke-opacity: 0.81;\n\t\t}\n\t\t#hotspot-83735 .leaflet-tooltip,\n\t#hotspot-83735 .leaflet-rrose-content-wrapper {\n\t\tbackground: #ffffff;\n\t\tborder-color: #ffffff;\n\t\tcolor: #000000;\n\t}\n\n\t#hotspot-83735 a.leaflet-rrose-close-button {\n\t\tcolor: #000000;\n\t}\n\n\t#hotspot-83735 .leaflet-rrose-tip {\n\t\tbackground: #ffffff;\n\t}\n\n\t#hotspot-83735 .leaflet-popup-scrolled {\n\t\tborder-bottom-color: #000000;\n\t\tborder-top-color: #000000;\n\t}\n\n\t#hotspot-83735 .leaflet-tooltip-top:before {\n\t\tborder-top-color: #ffffff;\n\t}\n\n\t#hotspot-83735 .leaflet-tooltip-bottom:before {\n\t\tborder-bottom-color: #ffffff;\n\t}\n\t#hotspot-83735 .leaflet-tooltip-left:before {\n\t\tborder-left-color: #ffffff;\n\t}\n\t#hotspot-83735 .leaflet-tooltip-right:before {\n\t\tborder-right-color: #ffffff;\n\t}\n<\/style>\n\n\n\t<div class=\"hotspots-container  layout-lightbox event-click\" id=\"hotspot-83735\" data-layout=\"lightbox\" data-trigger=\"click\">\n\t\t<div class=\"hotspots-interaction\">\n\t\t\t<div class=\"hotspots-image-container\">\n\t<img\n\t\twidth=\"900\"\n\t\theight=\"709\"\n\t\tsrc=\"https:\/\/zfl-lernen.de\/wp-content\/uploads\/eteachingBurger-2.webp\"\n\t\talt=\"eTeachingBurger_MarieMeier\"\n\t\tclass=\"hotspots-image skip-lazy\"\n\t\tusemap=\"#hotspots-image-83735\"\n\t\tdata-image-title=\"eTeachingBurger_MarieMeier\"\n\t\tdata-image-description=\"\"\n\t\tdata-event-trigger=\"click\"\n\t\tdata-always-visible=\"false\"\n\t\tdata-id=\"83735\"\n\t\tdata-no-lazy=\"1\"\n\t\tdata-lazy-src=\"\"\n\t\tdata-lazy=\"false\"\n\t\tloading=\"eager\"\n\t\tdata-skip-lazy=\"1\"\n\t\t>\n<\/div>\t\t<\/div>\n\t\t<map name=\"hotspots-image-83735\" class=\"hotspots-map\">\n\t\t\t\t\t\t\t\t\t\t\t<area\n\t\t\t\t\tshape=\"polygon\"\n\t\t\t\t\tcoords=\"97,331,153,351,231,369,320,378,400,385,487,387,596,380,684,371,747,351,801,325,802,379,759,401,717,414,650,433,582,446,488,448,425,449,357,449,287,439,229,430,187,421,143,408,102,401\"\n\t\t\t\t\thref=\"#hotspot-hotspot-83735-0\"\n\t\t\t\t\trel=\"\"\n\t\t\t\t\ttitle=\"Selbstst\u00e4ndigkeit\"\n\t\t\t\t\talt=\"Selbstst\u00e4ndigkeit\"\n\t\t\t\t\tdata-action=\"\"\n\t\t\t\t\tdata-color-scheme=\"rot\"\n\t\t\t\t\tdata-id=\"area-hotspot-83735-0\"\n\t\t\t\t\ttarget=\"\"\n\t\t\t\t\tclass=\"more-info-area\"\n\t\t\t\t\t>\n\t\t\t\t\t\t\t\t\t\t\t<area\n\t\t\t\t\tshape=\"polygon\"\n\t\t\t\t\tcoords=\"71,312,76,271,87,233,107,192,115,171,146,124,198,76,243,51,291,32,332,19,377,12,422,8,471,11,524,16,577,19,609,24,649,37,685,54,715,72,757,97,787,130,811,169,830,215,838,248,841,286,835,299,826,306,815,314,796,329,746,355,702,366,673,373,612,380,541,387,489,389,431,385,336,381,259,373,172,358,133,343,98,333\"\n\t\t\t\t\thref=\"#hotspot-hotspot-83735-1\"\n\t\t\t\t\trel=\"\"\n\t\t\t\t\ttitle=\"Agiles Mindset\"\n\t\t\t\t\talt=\"Agiles Mindset\"\n\t\t\t\t\tdata-action=\"\"\n\t\t\t\t\tdata-color-scheme=\"braun\"\n\t\t\t\t\tdata-id=\"area-hotspot-83735-1\"\n\t\t\t\t\ttarget=\"\"\n\t\t\t\t\tclass=\"more-info-area\"\n\t\t\t\t\t>\n\t\t\t\t\t\t\t\t\t\t\t<area\n\t\t\t\t\tshape=\"polygon\"\n\t\t\t\t\tcoords=\"380,450,286,438,288,469,294,504,307,534,322,557,340,581,378,539,409,520,439,498,464,481,534,447,445,449\"\n\t\t\t\t\thref=\"#hotspot-hotspot-83735-2\"\n\t\t\t\t\trel=\"\"\n\t\t\t\t\ttitle=\"Technik\"\n\t\t\t\t\talt=\"Technik\"\n\t\t\t\t\tdata-action=\"\"\n\t\t\t\t\tdata-color-scheme=\"gelb\"\n\t\t\t\t\tdata-id=\"area-hotspot-83735-2\"\n\t\t\t\t\ttarget=\"\"\n\t\t\t\t\tclass=\"more-info-area\"\n\t\t\t\t\t>\n\t\t\t\t\t\t\t\t\t\t\t<area\n\t\t\t\t\tshape=\"polygon\"\n\t\t\t\t\tcoords=\"372,547,401,526,437,499,480,475,530,452,581,443,626,436,667,444,721,453,774,465,803,477,768,511,734,520,716,520,689,533,659,539,616,545,586,539,563,545,542,547,524,549,505,555,483,557,472,551,446,553,418,555\"\n\t\t\t\t\thref=\"#hotspot-hotspot-83735-3\"\n\t\t\t\t\trel=\"\"\n\t\t\t\t\ttitle=\"Feedback\"\n\t\t\t\t\talt=\"Feedback\"\n\t\t\t\t\tdata-action=\"\"\n\t\t\t\t\tdata-color-scheme=\"braun\"\n\t\t\t\t\tdata-id=\"area-hotspot-83735-3\"\n\t\t\t\t\ttarget=\"\"\n\t\t\t\t\tclass=\"more-info-area\"\n\t\t\t\t\t>\n\t\t\t\t\t\t\t\t\t\t\t<area\n\t\t\t\t\tshape=\"polygon\"\n\t\t\t\t\tcoords=\"10,544,43,497,80,464,112,481,150,490,182,511,223,516,260,525,279,534,305,531,318,551,336,578,372,548,412,555,466,552,500,557,534,543,559,547,588,538,640,542,689,532,715,518,747,518,770,506,784,494,803,476,835,501,842,472,875,495,891,519,871,511,859,524,847,538,826,537,812,531,786,544,765,558,741,564,715,563,692,566,676,572,676,591,650,586,610,584,572,589,546,605,522,604,504,597,487,605,478,621,463,610,441,598,417,591,388,586,361,597,339,605,312,597,298,584,283,585,244,600,219,598,200,591,183,576,168,560,153,548,139,546,127,551,110,554,100,542,90,525,74,520\"\n\t\t\t\t\thref=\"#hotspot-hotspot-83735-4\"\n\t\t\t\t\trel=\"\"\n\t\t\t\t\ttitle=\"Kollaboration\"\n\t\t\t\t\talt=\"Kollaboration\"\n\t\t\t\t\tdata-action=\"\"\n\t\t\t\t\tdata-color-scheme=\"gruen\"\n\t\t\t\t\tdata-id=\"area-hotspot-83735-4\"\n\t\t\t\t\ttarget=\"\"\n\t\t\t\t\tclass=\"more-info-area\"\n\t\t\t\t\t>\n\t\t\t\t\t\t\t\t\t\t\t<area\n\t\t\t\t\tshape=\"polygon\"\n\t\t\t\t\tcoords=\"101,550,116,557,129,548,145,543,163,556,184,576,198,594,220,601,247,600,267,592,287,585,305,591,324,599,341,606,354,601,367,596,378,590,390,584,410,590,431,596,452,603,467,611,479,619,485,610,497,598,517,599,532,605,547,604,558,597,574,588,591,586,612,585,638,584,666,590,678,588,679,575,689,566,704,563,726,563,745,566,766,563,777,551,792,540,807,533,812,543,808,552,805,563,794,583,781,604,763,625,733,642,694,656,650,673,606,678,543,686,478,686,403,685,351,676,310,673,268,662,213,652,170,643,141,629,127,611,118,593,108,574\"\n\t\t\t\t\thref=\"#hotspot-hotspot-83735-5\"\n\t\t\t\t\trel=\"\"\n\t\t\t\t\ttitle=\"Starke Beziehungen\"\n\t\t\t\t\talt=\"Starke Beziehungen\"\n\t\t\t\t\tdata-action=\"\"\n\t\t\t\t\tdata-color-scheme=\"braun\"\n\t\t\t\t\tdata-id=\"area-hotspot-83735-5\"\n\t\t\t\t\ttarget=\"\"\n\t\t\t\t\tclass=\"more-info-area\"\n\t\t\t\t\t>\n\t\t\t\t\t<\/map>\n\n\t\t\n\t\t\t\t\t\n\t\t\t\t\t\t<div class=\"hotspot-info da-style-rot\" id=\"hotspot-hotspot-83735-0\">\n\t\t\t\t\n\t\t\t\t<h2 class=\"hotspot-title\">Selbstst\u00e4ndigkeit<\/h2>\t\t\t\t\t\t\t\t<div class=\"hotspot-content\">\n\t\t\t\t\t<p>Die SuS erz\u00e4hlen die Geschichten eigenst\u00e4ndig und filmen dabei mit dem iPad, das Outcome ihrer Arbeit pr\u00e4sentieren sie im Anschluss.<\/p>\n\t\t\t\t<\/div>\n\t\t\t<\/div>\n\t\t\t\t\t\n\t\t\t\t\t\t<div class=\"hotspot-info da-style-braun\" id=\"hotspot-hotspot-83735-1\">\n\t\t\t\t\n\t\t\t\t<h2 class=\"hotspot-title\">Agiles Mindset<\/h2>\t\t\t\t\t\t\t\t<div class=\"hotspot-content\">\n\t\t\t\t\t<p>SuS sind in den Teams eigenverantwortlich f\u00fcr ihre Projekte und m\u00fcssen sich im Ablauf der Aufnahme selbst organisieren<\/p>\n\t\t\t\t<\/div>\n\t\t\t<\/div>\n\t\t\t\t\t\n\t\t\t\t\t\t<div class=\"hotspot-info da-style-gelb\" id=\"hotspot-hotspot-83735-2\">\n\t\t\t\t\n\t\t\t\t<h2 class=\"hotspot-title\">Technik<\/h2>\t\t\t\t\t\t\t\t<div class=\"hotspot-content\">\n\t\t\t\t\t<div class=\"squares-element sq-col-lg-12\">\n<p>Nutzung von iPads und deren Kamerafunktion, sowie einzelnen Aufgaben per QR Code (learningapps)<\/p>\n<\/div>\n<div class=\"squares-element sq-col-lg-12\"><\/div>\n<div><\/div>\n<div class=\"squares-element sq-col-lg-12\"><\/div>\n\t\t\t\t<\/div>\n\t\t\t<\/div>\n\t\t\t\t\t\n\t\t\t\t\t\t<div class=\"hotspot-info da-style-braun\" id=\"hotspot-hotspot-83735-3\">\n\t\t\t\t\n\t\t\t\t<h2 class=\"hotspot-title\">Feedback<\/h2>\t\t\t\t\t\t\t\t<div class=\"hotspot-content\">\n\t\t\t\t\t<div class=\"squares-element sq-col-lg-12\">\n<ul>\n<li>Immer wieder gemeinsame Sichtung der Ergebnisse und Sammlung von Tipps und Ideen zur weiteren Umsetzung<\/li>\n<\/ul>\n<\/div>\n<div class=\"squares-element sq-col-lg-12\">\n<ul>\n<li>Dann neue Aufzeichnungen mit demselben oder anderem Material, aber hinsichtlich des Feedbacks kann weitergearbeitet werden<\/li>\n<\/ul>\n<\/div>\n\t\t\t\t<\/div>\n\t\t\t<\/div>\n\t\t\t\t\t\n\t\t\t\t\t\t<div class=\"hotspot-info da-style-gruen\" id=\"hotspot-hotspot-83735-4\">\n\t\t\t\t\n\t\t\t\t<h2 class=\"hotspot-title\">Kollaboration<\/h2>\t\t\t\t\t\t\t\t<div class=\"hotspot-content\">\n\t\t\t\t\t<div class=\"squares-element sq-col-lg-12\">\n<ul>\n<li>Arbeitsteams erz\u00e4hlen und filmen zu zweit und sprechen sich hinsichtlich der Aufgabenverteilung ab<\/li>\n<\/ul>\n<\/div>\n<div class=\"squares-element sq-col-lg-12\">\n<ul>\n<li>Im Plenum wird gemeinsam erarbeitet, worauf die Gesamtgruppe im n\u00e4chsten Durchgang achten muss<\/li>\n<\/ul>\n<\/div>\n\t\t\t\t<\/div>\n\t\t\t<\/div>\n\t\t\t\t\t\n\t\t\t\t\t\t<div class=\"hotspot-info da-style-braun\" id=\"hotspot-hotspot-83735-5\">\n\t\t\t\t\n\t\t\t\t<h2 class=\"hotspot-title\">Starke Beziehungen<\/h2>\t\t\t\t\t\t\t\t<div class=\"hotspot-content\">\n\t\t\t\t\t<p>Beziehungen werden sowohl in den Teams gef\u00f6rdert, als auch in den Abschnitten, in denen im Plenum zusammengearbeitet wird<\/p>\n\t\t\t\t<\/div>\n\t\t\t<\/div>\n\t\t\t<\/div>\n\n<\/div>\n<\/div>\n\n\t\t<\/div>\n\t<\/div>\n\n\t<div class=\"wpb_text_column wpb_content_element\" >\n\t\t<div class=\"wpb_wrapper\">\n\t\t\t<p><sup class=\"sup\">eTeaching-Burger I Schulnetzwerk des ZfL der Universit\u00e4t zu K\u00f6ln <a href=\"https:\/\/zfl.uni-koeln.de\/das-zfl\/schulnetzwerk\" target=\"_blank\" rel=\"noopener\">(https:\/\/zfl.uni-koeln.de\/schulnetzwerk<\/a>) I<br \/>\n<\/sup><sup class=\"sup\">CC BY SA 4.0 (<a href=\"https:\/\/creativecommons.org\/licenses\/by-sa\/4.0\/\" target=\"_blank\" rel=\"noopener\">https:\/\/creativecommons.org\/licenses\/by-sa\/4.0\/<\/a>)<\/sup><\/p>\n\n\t\t<\/div>\n\t<\/div>\n<\/div><\/div><\/div><div class=\"wpb_column vc_column_container vc_col-sm-3\"><div class=\"vc_column-inner\"><div class=\"wpb_wrapper\"><\/div><\/div><\/div><\/div><div class=\"vc_empty_space\"   style=\"height: 20px\"><span class=\"vc_empty_space_inner\"><\/span><\/div><div class=\"vc_tta-container\" data-vc-action=\"collapse\"><h2>Aufbau der kompletten Unterrichtseinheit<\/h2><div class=\"vc_general vc_tta vc_tta-tabs vc_tta-color-grey vc_tta-style-modern vc_tta-shape-square vc_tta-o-shape-group vc_tta-o-no-fill vc_tta-tabs-position-top vc_tta-controls-align-left\"><div class=\"vc_tta-tabs-container\"><ul class=\"vc_tta-tabs-list\"><li class=\"vc_tta-tab vc_active\" data-vc-tab><a href=\"#1619158572045-26d370a8-5220\" data-vc-tabs data-vc-container=\".vc_tta\"><span class=\"vc_tta-title-text\">1. US<\/span><\/a><\/li><li class=\"vc_tta-tab\" data-vc-tab><a href=\"#1616499207170-ea16a0ce-c778\" data-vc-tabs data-vc-container=\".vc_tta\"><span class=\"vc_tta-title-text\">2. US<\/span><\/a><\/li><li class=\"vc_tta-tab\" data-vc-tab><a href=\"#1618387254171-56767de6-22ab\" data-vc-tabs data-vc-container=\".vc_tta\"><span class=\"vc_tta-title-text\">3. US + Beispielplanung<\/span><\/a><\/li><li class=\"vc_tta-tab\" data-vc-tab><a href=\"#1616499019979-9478157f-e087\" data-vc-tabs data-vc-container=\".vc_tta\"><span class=\"vc_tta-title-text\">4. US<\/span><\/a><\/li><li class=\"vc_tta-tab\" data-vc-tab><a href=\"#1618387791301-0235b858-bcd9\" data-vc-tabs data-vc-container=\".vc_tta\"><span class=\"vc_tta-title-text\">5. US<\/span><\/a><\/li><\/ul><\/div><div class=\"vc_tta-panels-container\"><div class=\"vc_tta-panels\"><div class=\"vc_tta-panel vc_active\" id=\"1619158572045-26d370a8-5220\" data-vc-content=\".vc_tta-panel-body\"><div class=\"vc_tta-panel-heading\"><h4 class=\"vc_tta-panel-title\"><a href=\"#1619158572045-26d370a8-5220\" data-vc-accordion data-vc-container=\".vc_tta-container\"><span class=\"vc_tta-title-text\">1. US<\/span><\/a><\/h4><\/div><div class=\"vc_tta-panel-body\"><div class=\"vc_row wpb_row vc_inner vc_row-fluid\"><div class=\"wpb_column vc_column_container vc_col-sm-6\"><div class=\"vc_column-inner\"><div class=\"wpb_wrapper\">\n\t<div class=\"wpb_text_column wpb_content_element\" >\n\t\t<div class=\"wpb_wrapper\">\n\t\t\t<p><strong>1. Unterrichtsstunde<\/strong><br \/>\nDie Martinsgeschichte kennenlernen<\/p>\n<p><strong>gef\u00f6rderte Kompetenzen\/Ziele:<\/strong><br \/>\nZuh\u00f6rkompetenz, geh\u00f6rtes wiedergeben<\/p>\n\n\t\t<\/div>\n\t<\/div>\n<\/div><\/div><\/div><div class=\"wpb_column vc_column_container vc_col-sm-6\"><div class=\"vc_column-inner\"><div class=\"wpb_wrapper\">\n\t<div class=\"wpb_text_column wpb_content_element\" >\n\t\t<div class=\"wpb_wrapper\">\n\t\t\t<p><strong>Inhalte<\/strong><\/p>\n<ul>\n<li>Sammlung: Was wei\u00dft du dar\u00fcber?<\/li>\n<li>Geschichte mit Bilderbuch erz\u00e4hlen und nacherz\u00e4hlen lassen<\/li>\n<li>Digitale Zuordnungen: Text \u2013 Bild; Wort- Bild; Bild-Bild (Differenzierungsstufen)<\/li>\n<\/ul>\n\n\t\t<\/div>\n\t<\/div>\n<\/div><\/div><\/div><\/div><\/div><\/div><div class=\"vc_tta-panel\" id=\"1616499207170-ea16a0ce-c778\" data-vc-content=\".vc_tta-panel-body\"><div class=\"vc_tta-panel-heading\"><h4 class=\"vc_tta-panel-title\"><a href=\"#1616499207170-ea16a0ce-c778\" data-vc-accordion data-vc-container=\".vc_tta-container\"><span class=\"vc_tta-title-text\">2. US<\/span><\/a><\/h4><\/div><div class=\"vc_tta-panel-body\"><div class=\"vc_row wpb_row vc_inner vc_row-fluid\"><div class=\"wpb_column vc_column_container vc_col-sm-6\"><div class=\"vc_column-inner\"><div class=\"wpb_wrapper\">\n\t<div class=\"wpb_text_column wpb_content_element\" >\n\t\t<div class=\"wpb_wrapper\">\n\t\t\t<p><strong>2. Unterrichtsstunde<\/strong><br \/>\nRoter Faden in der Martinsgeschichte<\/p>\n<p><strong>gef\u00f6rderte Kompetenzen\/Ziele:<\/strong><br \/>\nChronologie der Geschichte erkennen und zum Erz\u00e4hlen nutzen<\/p>\n\n\t\t<\/div>\n\t<\/div>\n<\/div><\/div><\/div><div class=\"wpb_column vc_column_container vc_col-sm-6\"><div class=\"vc_column-inner\"><div class=\"wpb_wrapper\">\n\t<div class=\"wpb_text_column wpb_content_element\" >\n\t\t<div class=\"wpb_wrapper\">\n\t\t\t<p><strong>Inhalte<\/strong><\/p>\n<ul>\n<li>Bilder am Tablet sortieren und in die richtige Reihenfolge bringen<\/li>\n<li>Gemeinsam analoge Bildkarten sortieren und als Hilfestellung im Klassenraum aufh\u00e4ngen<\/li>\n<li>Einem Partner die Martinsgeschichte erz\u00e4hlen<\/li>\n<\/ul>\n\n\t\t<\/div>\n\t<\/div>\n<\/div><\/div><\/div><\/div><\/div><\/div><div class=\"vc_tta-panel\" id=\"1618387254171-56767de6-22ab\" data-vc-content=\".vc_tta-panel-body\"><div class=\"vc_tta-panel-heading\"><h4 class=\"vc_tta-panel-title\"><a href=\"#1618387254171-56767de6-22ab\" data-vc-accordion data-vc-container=\".vc_tta-container\"><span class=\"vc_tta-title-text\">3. US + Beispielplanung<\/span><\/a><\/h4><\/div><div class=\"vc_tta-panel-body\"><div class=\"vc_row wpb_row vc_inner vc_row-fluid\"><div class=\"wpb_column vc_column_container vc_col-sm-6\"><div class=\"vc_column-inner\"><div class=\"wpb_wrapper\">\n\t<div class=\"wpb_text_column wpb_content_element\" >\n\t\t<div class=\"wpb_wrapper\">\n\t\t\t<p><strong>3. Unterrichtsstunde<\/strong><br \/>\nErz\u00e4hlung filmen<\/p>\n<p><strong>gef\u00f6rderte Kompetenzen\/Ziele:<\/strong><br \/>\nEigenst\u00e4ndiges Erz\u00e4hlen mithilfe der bekannten Bildkarten<\/p>\n\n\t\t<\/div>\n\t<\/div>\n<\/div><\/div><\/div><div class=\"wpb_column vc_column_container vc_col-sm-6\"><div class=\"vc_column-inner\"><div class=\"wpb_wrapper\">\n\t<div class=\"wpb_text_column wpb_content_element\" >\n\t\t<div class=\"wpb_wrapper\">\n\t\t\t<p><strong>Inhalte<\/strong><\/p>\n<ul>\n<li>Gemeinsam mit einem Partner je ein Bild filmen und dazu sprechen<\/li>\n<li>Freiwillige Pr\u00e4sentation der Ergebnisse und gemeinsame Reflexion: Worauf muss beim Erz\u00e4hlen\/Filmen geachtet werden?<\/li>\n<li>Aufstellen von Tipps und Regeln zum Erz\u00e4hlen<\/li>\n<\/ul>\n\n\t\t<\/div>\n\t<\/div>\n<div class=\"vc_empty_space\"   style=\"height: 32px\"><span class=\"vc_empty_space_inner\"><\/span><\/div><\/div><\/div><\/div><\/div>\n\t<div class=\"wpb_text_column wpb_content_element\" >\n\t\t<div class=\"wpb_wrapper\">\n\t\t\t<p><strong>\u00dcberblick \u00fcber den Ablauf der 3. Unterrichtsstunde:<\/strong><\/p>\n\n\t\t<\/div>\n\t<\/div>\n<div class=\"vc_empty_space\"   style=\"height: 32px\"><span class=\"vc_empty_space_inner\"><\/span><\/div><div class=\"vc_row wpb_row vc_inner vc_row-fluid\"><div class=\"wpb_column vc_column_container vc_col-sm-4\"><div class=\"vc_column-inner\"><div class=\"wpb_wrapper\">\n\t<div class=\"wpb_text_column wpb_content_element\" >\n\t\t<div class=\"wpb_wrapper\">\n\t\t\t<p><strong>Unterrichtsphase<\/strong><\/p>\n\n\t\t<\/div>\n\t<\/div>\n<div class=\"vc_empty_space\"   style=\"height: 20px\"><span class=\"vc_empty_space_inner\"><\/span><\/div>\n\t<div class=\"wpb_text_column wpb_content_element\" >\n\t\t<div class=\"wpb_wrapper\">\n\t\t\t<p>Warm-up<\/p>\n\n\t\t<\/div>\n\t<\/div>\n<div class=\"vc_empty_space\"   style=\"height: 42px\"><span class=\"vc_empty_space_inner\"><\/span><\/div>\n\t<div class=\"wpb_text_column wpb_content_element\" >\n\t\t<div class=\"wpb_wrapper\">\n\t\t\t<p>Einstieg<\/p>\n\n\t\t<\/div>\n\t<\/div>\n<div class=\"vc_empty_space\"   style=\"height: 180px\"><span class=\"vc_empty_space_inner\"><\/span><\/div>\n\t<div class=\"wpb_text_column wpb_content_element\" >\n\t\t<div class=\"wpb_wrapper\">\n\t\t\t<p>Erarbeitung<\/p>\n\n\t\t<\/div>\n\t<\/div>\n<div class=\"vc_empty_space\"   style=\"height: 280px\"><span class=\"vc_empty_space_inner\"><\/span><\/div>\n\t<div class=\"wpb_text_column wpb_content_element\" >\n\t\t<div class=\"wpb_wrapper\">\n\t\t\t<p>Arbeitsphase<\/p>\n\n\t\t<\/div>\n\t<\/div>\n<div class=\"vc_empty_space\"   style=\"height: 160px\"><span class=\"vc_empty_space_inner\"><\/span><\/div>\n\t<div class=\"wpb_text_column wpb_content_element\" >\n\t\t<div class=\"wpb_wrapper\">\n\t\t\t<p>Reflexion<\/p>\n\n\t\t<\/div>\n\t<\/div>\n<div class=\"vc_empty_space\"   style=\"height: 190px\"><span class=\"vc_empty_space_inner\"><\/span><\/div>\n\t<div class=\"wpb_text_column wpb_content_element\" >\n\t\t<div class=\"wpb_wrapper\">\n\t\t\t<p>Ausblick<\/p>\n\n\t\t<\/div>\n\t<\/div>\n<\/div><\/div><\/div><div class=\"wpb_column vc_column_container vc_col-sm-4\"><div class=\"vc_column-inner\"><div class=\"wpb_wrapper\">\n\t<div class=\"wpb_text_column wpb_content_element\" >\n\t\t<div class=\"wpb_wrapper\">\n\t\t\t<p><strong>Sach- und Verhaltensaspekte<\/strong><\/p>\n\n\t\t<\/div>\n\t<\/div>\n<div class=\"vc_empty_space\"   style=\"height: 20px\"><span class=\"vc_empty_space_inner\"><\/span><\/div>\n\t<div class=\"wpb_text_column wpb_content_element\" >\n\t\t<div class=\"wpb_wrapper\">\n\t\t\t<p>Sortieren der Bildkarten zur Martinsgeschichte an der Tafel<\/p>\n\n\t\t<\/div>\n\t<\/div>\n<div class=\"vc_empty_space\"   style=\"height: 20px\"><span class=\"vc_empty_space_inner\"><\/span><\/div>\n\t<div class=\"wpb_text_column wpb_content_element\" >\n\t\t<div class=\"wpb_wrapper\">\n\t\t\t<p>Gemeinsames Erz\u00e4hlen der Geschichte, Kinder erg\u00e4nzen einander, Lehrkraft greift bei Missverst\u00e4ndnissen ein, sodass die Geschichte f\u00fcr alle SuS deutlich ist<\/p>\n\n\t\t<\/div>\n\t<\/div>\n<div class=\"vc_empty_space\"   style=\"height: 20px\"><span class=\"vc_empty_space_inner\"><\/span><\/div>\n\t<div class=\"wpb_text_column wpb_content_element\" >\n\t\t<div class=\"wpb_wrapper\">\n\t\t\t<p>Mithilfe des Elmo wird die Kamera und Videofunktion des iPads gezeigt. Aufgabenstellung: Du filmst ein Bild, w\u00e4hrend du dazu erz\u00e4hlst, dann gehst du zum n\u00e4chsten Bild und erz\u00e4hlst hier weiter. Sprich dich mit deinem Partner ab und plant, wer wann erz\u00e4hlt und wo ihr euch abwechselt.<\/p>\n\n\t\t<\/div>\n\t<\/div>\n<div class=\"vc_empty_space\"   style=\"height: 20px\"><span class=\"vc_empty_space_inner\"><\/span><\/div>\n\t<div class=\"wpb_text_column wpb_content_element\" >\n\t\t<div class=\"wpb_wrapper\">\n\t\t\t<p>Kinder f\u00fchren in PA und in verschiedenen R\u00e4umen die Aufgabe aus (um die Lautst\u00e4rke zu regulieren k\u00f6nnen Nebenraum und Flur genutzt werden)<\/p>\n\n\t\t<\/div>\n\t<\/div>\n<div class=\"vc_empty_space\"   style=\"height: 20px\"><span class=\"vc_empty_space_inner\"><\/span><\/div>\n\t<div class=\"wpb_text_column wpb_content_element\" >\n\t\t<div class=\"wpb_wrapper\">\n\t\t\t<p>Wer m\u00f6chte, darf seinen Film pr\u00e4sentieren. Nach der Pr\u00e4sentation mehrerer Filme werden allgemeine Tipps und Regeln aufgestellt, wie die Videos beim n\u00e4chsten Mal noch besser werden k\u00f6nnten.<\/p>\n\n\t\t<\/div>\n\t<\/div>\n<div class=\"vc_empty_space\"   style=\"height: 20px\"><span class=\"vc_empty_space_inner\"><\/span><\/div>\n\t<div class=\"wpb_text_column wpb_content_element\" >\n\t\t<div class=\"wpb_wrapper\">\n\t\t\t<p>Lehrkraft gibt einen Ausblick auf die n\u00e4chste Unterrichtsstunde mit dem Hinweis, dass neue Videos entstehen werden, die durch die Tipps immer besser werden k\u00f6nnen.<\/p>\n\n\t\t<\/div>\n\t<\/div>\n<\/div><\/div><\/div><div class=\"wpb_column vc_column_container vc_col-sm-4\"><div class=\"vc_column-inner\"><div class=\"wpb_wrapper\">\n\t<div class=\"wpb_text_column wpb_content_element\" >\n\t\t<div class=\"wpb_wrapper\">\n\t\t\t<p><strong>Methoden und Medien<\/strong><\/p>\n\n\t\t<\/div>\n\t<\/div>\n<div class=\"vc_empty_space\"   style=\"height: 20px\"><span class=\"vc_empty_space_inner\"><\/span><\/div>\n\t<div class=\"wpb_text_column wpb_content_element\" >\n\t\t<div class=\"wpb_wrapper\">\n\t\t\t<p>Bildkarten (gro\u00df, laminiert)<\/p>\n\n\t\t<\/div>\n\t<\/div>\n<div class=\"vc_empty_space\"   style=\"height: 41px\"><span class=\"vc_empty_space_inner\"><\/span><\/div><div class=\"vc_empty_space\"   style=\"height: 200px\"><span class=\"vc_empty_space_inner\"><\/span><\/div>\n\t<div class=\"wpb_text_column wpb_content_element\" >\n\t\t<div class=\"wpb_wrapper\">\n\t\t\t<p>iPad zur Anschauung<\/p>\n\n\t\t<\/div>\n\t<\/div>\n<div class=\"vc_empty_space\"   style=\"height: 300px\"><span class=\"vc_empty_space_inner\"><\/span><\/div>\n\t<div class=\"wpb_text_column wpb_content_element\" >\n\t\t<div class=\"wpb_wrapper\">\n\t\t\t<p>iPad f\u00fcr je zwei Kinder<\/p>\n<p>Bildkarten entsprechend zu den Tafelkarten<\/p>\n\n\t\t<\/div>\n\t<\/div>\n<div class=\"vc_empty_space\"   style=\"height: 80px\"><span class=\"vc_empty_space_inner\"><\/span><\/div>\n\t<div class=\"wpb_text_column wpb_content_element\" >\n\t\t<div class=\"wpb_wrapper\">\n\t\t\t<p>Beamer<\/p>\n\n\t\t<\/div>\n\t<\/div>\n<\/div><\/div><\/div><\/div><\/div><\/div><div class=\"vc_tta-panel\" id=\"1616499019979-9478157f-e087\" data-vc-content=\".vc_tta-panel-body\"><div class=\"vc_tta-panel-heading\"><h4 class=\"vc_tta-panel-title\"><a href=\"#1616499019979-9478157f-e087\" data-vc-accordion data-vc-container=\".vc_tta-container\"><span class=\"vc_tta-title-text\">4. US<\/span><\/a><\/h4><\/div><div class=\"vc_tta-panel-body\"><div class=\"vc_row wpb_row vc_inner vc_row-fluid\"><div class=\"wpb_column vc_column_container vc_col-sm-6\"><div class=\"vc_column-inner\"><div class=\"wpb_wrapper\">\n\t<div class=\"wpb_text_column wpb_content_element\" >\n\t\t<div class=\"wpb_wrapper\">\n\t\t\t<p><strong>4. Unterrichtsstunde<\/strong><br \/>\nErz\u00e4hlung mit verschiedenen Materialien filmen<\/p>\n<p><strong>gef\u00f6rderte Kompetenzen\/Ziele:<\/strong><br \/>\nBesprochene Tipps und Regeln zum Erstellen eines Filmes umsetzen<\/p>\n\n\t\t<\/div>\n\t<\/div>\n<\/div><\/div><\/div><div class=\"wpb_column vc_column_container vc_col-sm-6\"><div class=\"vc_column-inner\"><div class=\"wpb_wrapper\">\n\t<div class=\"wpb_text_column wpb_content_element\" >\n\t\t<div class=\"wpb_wrapper\">\n\t\t\t<p><strong>Inhalte<\/strong><\/p>\n<ul>\n<li>Auswahl an Bildkarten, (Playmobil) Figuren, Materialien zum Selbstbasteln, Handpuppen<\/li>\n<li>Kinder erstellen Filme mithilfe der ausgew\u00e4hlten Materialien<\/li>\n<\/ul>\n\n\t\t<\/div>\n\t<\/div>\n<\/div><\/div><\/div><\/div><\/div><\/div><div class=\"vc_tta-panel\" id=\"1618387791301-0235b858-bcd9\" data-vc-content=\".vc_tta-panel-body\"><div class=\"vc_tta-panel-heading\"><h4 class=\"vc_tta-panel-title\"><a href=\"#1618387791301-0235b858-bcd9\" data-vc-accordion data-vc-container=\".vc_tta-container\"><span class=\"vc_tta-title-text\">5. US<\/span><\/a><\/h4><\/div><div class=\"vc_tta-panel-body\"><div class=\"vc_row wpb_row vc_inner vc_row-fluid\"><div class=\"wpb_column vc_column_container vc_col-sm-6\"><div class=\"vc_column-inner\"><div class=\"wpb_wrapper\">\n\t<div class=\"wpb_text_column wpb_content_element\" >\n\t\t<div class=\"wpb_wrapper\">\n\t\t\t<p><strong>5. Unterrichtsstunde<\/strong><br \/>\nH\u00f6rspiel erstellen<\/p>\n<p><strong>gef\u00f6rderte Kompetenzen\/Ziele:<\/strong><br \/>\nErz\u00e4hlen auf rein auditiver Ebene<br \/>\nZuh\u00f6ren und herausfinden, welche Informationen fehlen<\/p>\n\n\t\t<\/div>\n\t<\/div>\n<\/div><\/div><\/div><div class=\"wpb_column vc_column_container vc_col-sm-6\"><div class=\"vc_column-inner\"><div class=\"wpb_wrapper\">\n\t<div class=\"wpb_text_column wpb_content_element\" >\n\t\t<div class=\"wpb_wrapper\">\n\t\t\t<p><strong>Inhalte<\/strong><\/p>\n<ul>\n<li>Mithilfe von vocaroo nehmen die Kinder eigene H\u00f6rspiele auf, die dann gemeinsam angeh\u00f6rt werden<\/li>\n<li>Was f\u00e4llt auf? Welche Informationen fehlen\/ m\u00fcssen hinzugef\u00fcgt werden?<\/li>\n<\/ul>\n\n\t\t<\/div>\n\t<\/div>\n<\/div><\/div><\/div><\/div><\/div><\/div><\/div><\/div><\/div><\/div><div class=\"vc_empty_space\"   style=\"height: 32px\"><span class=\"vc_empty_space_inner\"><\/span><\/div><\/div><\/div><\/div><\/div><div class=\"vc_row wpb_row vc_row-fluid\"><div class=\"wpb_column vc_column_container vc_col-sm-12\"><div class=\"vc_column-inner\"><div class=\"wpb_wrapper\"><div class=\"vc_separator wpb_content_element vc_separator_align_center vc_sep_width_100 vc_sep_border_width_2 vc_sep_pos_align_center vc_sep_color_blue wpb_content_element vc_separator-has-text\" id=\"durchf\u00fchrung\"><span class=\"vc_sep_holder vc_sep_holder_l\"><span class=\"vc_sep_line\"><\/span><\/span><h4>Durchf\u00fchrung<\/h4><span class=\"vc_sep_holder vc_sep_holder_r\"><span class=\"vc_sep_line\"><\/span><\/span>\n<\/div><div class=\"vc_empty_space\"   style=\"height: 40px\"><span class=\"vc_empty_space_inner\"><\/span><\/div><div class=\"vc_row wpb_row vc_inner vc_row-fluid\"><div class=\"wpb_column vc_column_container vc_col-sm-2\"><div class=\"vc_column-inner\"><div class=\"wpb_wrapper\">\n\t<div  class=\"wpb_single_image wpb_content_element vc_align_left wpb_content_element\">\n\t\t\n\t\t<figure class=\"wpb_wrapper vc_figure\">\n\t\t\t<div class=\"vc_single_image-wrapper   vc_box_border_grey\"><img loading=\"lazy\" decoding=\"async\" width=\"150\" height=\"150\" src=\"https:\/\/zfl-lernen.de\/wp-content\/uploads\/ico_hinweis-150x150.png\" class=\"vc_single_image-img attachment-thumbnail\" alt=\"Icon Hinweis\" title=\"ico_hinweis\" srcset=\"https:\/\/zfl-lernen.de\/wp-content\/uploads\/ico_hinweis-150x150.png 150w, https:\/\/zfl-lernen.de\/wp-content\/uploads\/ico_hinweis-12x12.png 12w, https:\/\/zfl-lernen.de\/wp-content\/uploads\/ico_hinweis.png 200w\" sizes=\"auto, (max-width: 150px) 100vw, 150px\" \/><\/div>\n\t\t<\/figure>\n\t<\/div>\n<\/div><\/div><\/div><div class=\"wpb_column vc_column_container vc_col-sm-10\"><div class=\"vc_column-inner\"><div class=\"wpb_wrapper\">\n\t<div class=\"wpb_text_column wpb_content_element\" >\n\t\t<div class=\"wpb_wrapper\">\n\t\t\t<p><strong>Differenzierungs-\/Individualisierungsm\u00f6glichkeiten<\/strong><\/p>\n<ul>\n<li>Einsatz von Schriftsprache oder reinem Bildmaterial<\/li>\n<li>Auswahl der Partnerteams je nach Vorerfahrung mit dem iPad<\/li>\n<li>Unterst\u00fctzung bei Formulierungen und beim Wortschatz mithilfe von Wortspeicher- oder Merkplakaten<\/li>\n<\/ul>\n\n\t\t<\/div>\n\t<\/div>\n<\/div><\/div><\/div><\/div><\/div><\/div><\/div><\/div><div class=\"vc_row wpb_row vc_row-fluid\"><div class=\"wpb_column vc_column_container vc_col-sm-12\"><div class=\"vc_column-inner\"><div class=\"wpb_wrapper\"><div class=\"vc_separator wpb_content_element vc_separator_align_center vc_sep_width_100 vc_sep_border_width_2 vc_sep_pos_align_center vc_sep_color_blue wpb_content_element vc_separator-has-text\" id=\"material\"><span class=\"vc_sep_holder vc_sep_holder_l\"><span class=\"vc_sep_line\"><\/span><\/span><h4>Konkretes Material<\/h4><span class=\"vc_sep_holder vc_sep_holder_r\"><span class=\"vc_sep_line\"><\/span><\/span>\n<\/div><div class=\"vc_empty_space\"   style=\"height: 40px\"><span class=\"vc_empty_space_inner\"><\/span><\/div><div class=\"vc_row wpb_row vc_inner vc_row-fluid\"><div class=\"wpb_column vc_column_container vc_col-sm-2\"><div class=\"vc_column-inner\"><div class=\"wpb_wrapper\">\n\t<div  class=\"wpb_single_image wpb_content_element vc_align_left wpb_content_element\">\n\t\t\n\t\t<figure class=\"wpb_wrapper vc_figure\">\n\t\t\t<div class=\"vc_single_image-wrapper   vc_box_border_grey\"><img loading=\"lazy\" decoding=\"async\" width=\"150\" height=\"150\" src=\"https:\/\/zfl-lernen.de\/wp-content\/uploads\/ico_hinweis-150x150.png\" class=\"vc_single_image-img attachment-thumbnail\" alt=\"Icon Hinweis\" title=\"ico_hinweis\" srcset=\"https:\/\/zfl-lernen.de\/wp-content\/uploads\/ico_hinweis-150x150.png 150w, https:\/\/zfl-lernen.de\/wp-content\/uploads\/ico_hinweis-12x12.png 12w, https:\/\/zfl-lernen.de\/wp-content\/uploads\/ico_hinweis.png 200w\" sizes=\"auto, (max-width: 150px) 100vw, 150px\" \/><\/div>\n\t\t<\/figure>\n\t<\/div>\n<\/div><\/div><\/div><div class=\"wpb_column vc_column_container vc_col-sm-10\"><div class=\"vc_column-inner\"><div class=\"wpb_wrapper\"><div class=\"vc_empty_space\"   style=\"height: 32px\"><span class=\"vc_empty_space_inner\"><\/span><\/div><div class=\"vc_empty_space\"   style=\"height: 20px\"><span class=\"vc_empty_space_inner\"><\/span><\/div>\n\t<div class=\"wpb_text_column wpb_content_element\" >\n\t\t<div class=\"wpb_wrapper\">\n\t\t\t<p><a href=\"https:\/\/zfl-lernen.de\/wp-content\/uploads\/pptMarie.Meier_.eteaching-1.pdf\" target=\"_blank\" rel=\"noopener\">Planung der Reihe inklusive Ziele und eTeaching Matrix<\/a><\/p>\n\n\t\t<\/div>\n\t<\/div>\n<\/div><\/div><\/div><\/div><\/div><\/div><\/div><\/div><div class=\"vc_row wpb_row vc_row-fluid\"><div class=\"wpb_column vc_column_container vc_col-sm-12\"><div class=\"vc_column-inner\"><div class=\"wpb_wrapper\"><div class=\"vc_empty_space\"   style=\"height: 32px\"><span class=\"vc_empty_space_inner\"><\/span><\/div><\/div><\/div><\/div><\/div><div class=\"vc_row wpb_row vc_row-fluid\"><div class=\"wpb_column vc_column_container vc_col-sm-3\"><div class=\"vc_column-inner\"><div class=\"wpb_wrapper\">\n\t<div  class=\"wpb_single_image wpb_content_element vc_align_left wpb_content_element\">\n\t\t\n\t\t<figure class=\"wpb_wrapper vc_figure\">\n\t\t\t<a href=\"https:\/\/creativecommons.org\/licenses\/by-sa\/4.0\/deed.de\" target=\"_self\" class=\"vc_single_image-wrapper   vc_box_border_grey\"><img loading=\"lazy\" decoding=\"async\" width=\"300\" height=\"106\" src=\"https:\/\/zfl-lernen.de\/wp-content\/uploads\/cc-by-sa-300x106.png\" class=\"vc_single_image-img attachment-medium\" alt=\"Logo CC-By-SA Lizenz\" title=\"cc-by-sa\" srcset=\"https:\/\/zfl-lernen.de\/wp-content\/uploads\/cc-by-sa-300x106.png 300w, https:\/\/zfl-lernen.de\/wp-content\/uploads\/cc-by-sa.png 378w\" sizes=\"auto, (max-width: 300px) 100vw, 300px\" \/><\/a>\n\t\t<\/figure>\n\t<\/div>\n<\/div><\/div><\/div><div class=\"wpb_column vc_column_container vc_col-sm-9\"><div class=\"vc_column-inner\"><div class=\"wpb_wrapper\">\n\t<div class=\"wpb_text_column wpb_content_element\" >\n\t\t<div class=\"wpb_wrapper\">\n\t\t\t<p>Weiternutzung als OER ausdr\u00fccklich erlaubt: Dieses Werk und dessen Inhalte sind &#8211; sofern nicht anders angegeben &#8211; lizenziert unter\u00a0<a href=\"https:\/\/creativecommons.org\/licenses\/by\/4.0\/deed.de\" target=\"_blank\" rel=\"noopener\">CC BY 4.0<\/a>. Nennung gem\u00e4\u00df\u00a0<a href=\"https:\/\/open-educational-resources.de\/oer-tullu-regel\/\" target=\"_blank\" rel=\"noopener\">TULLU-Regel<\/a>\u00a0bitte wie folgt: &#8222;Wir erz\u00e4hlen die Martinsgeschichte&#8220; von Marie Meier,\u00a0Lizenz:\u00a0<a href=\"https:\/\/creativecommons.org\/licenses\/by\/4.0\/deed.de\" target=\"_blank\" rel=\"noopener\">CC BY 4.0<\/a>. Der Lizenzvertrag ist hier abrufbar:\u00a0<a href=\"https:\/\/creativecommons.org\/licenses\/by-sa\/4.0\/deed.de\" target=\"_blank\" rel=\"noopener\">https:\/\/creativecommons.org\/licenses\/by-sa\/4.0\/deed.de<\/a><\/p>\n\n\t\t<\/div>\n\t<\/div>\n<\/div><\/div><\/div><\/div><div class=\"vc_row wpb_row vc_row-fluid\"><div class=\"wpb_column vc_column_container vc_col-sm-12\"><div class=\"vc_column-inner\"><div class=\"wpb_wrapper\"><\/div><\/div><\/div><\/div>\n<\/div>","protected":false},"excerpt":{"rendered":"<p>In dieser Unterrichtssequenz werden ankn\u00fcpfend an Bereiche aus der Lebenswelt der Sch\u00fcler*innen anhand der Martinsgeschichte verschiedene Erz\u00e4hlstrategien einge\u00fcbt, um die Sprachkompetenz zu f\u00f6rdern.<\/p>","protected":false},"author":121,"featured_media":55819,"comment_status":"closed","ping_status":"open","sticky":false,"template":"","format":"standard","meta":{"_acf_changed":false,"footnotes":""},"categories":[538],"tags":[653,769],"klassenstufe":[731],"schulfach":[726,759],"schulform":[758],"class_list":["post-55733","post","type-post","status-publish","format-standard","has-post-thumbnail","hentry","category-eteaching-expert","tag-padlet","tag-vocaroo","klassenstufe-3-klasse","schulfach-deutsch","schulfach-religion","schulform-foerderschule"],"acf":[],"yoast_head":"<!-- This site is optimized with the Yoast SEO plugin v27.1.1 - https:\/\/yoast.com\/product\/yoast-seo-wordpress\/ -->\n<title>Wir erz\u00e4hlen die Martinsgeschichte - ZfL Lernen<\/title>\n<meta name=\"robots\" content=\"index, follow, max-snippet:-1, max-image-preview:large, max-video-preview:-1\" \/>\n<link rel=\"canonical\" href=\"https:\/\/zfl-lernen.de\/en\/wir-erzaehlen-die-martinsgeschichte\/\" \/>\n<meta property=\"og:locale\" content=\"en_US\" \/>\n<meta property=\"og:type\" content=\"article\" \/>\n<meta property=\"og:title\" content=\"Wir erz\u00e4hlen die Martinsgeschichte - ZfL Lernen\" \/>\n<meta property=\"og:description\" content=\"In dieser Unterrichtssequenz werden ankn\u00fcpfend an Bereiche aus der Lebenswelt der Sch\u00fcler*innen anhand der Martinsgeschichte verschiedene Erz\u00e4hlstrategien einge\u00fcbt, um die Sprachkompetenz zu f\u00f6rdern.\" \/>\n<meta property=\"og:url\" content=\"https:\/\/zfl-lernen.de\/en\/wir-erzaehlen-die-martinsgeschichte\/\" \/>\n<meta property=\"og:site_name\" content=\"ZfL Lernen\" \/>\n<meta property=\"article:publisher\" content=\"https:\/\/www.facebook.com\/zflkoeln\" \/>\n<meta property=\"article:published_time\" content=\"2022-01-05T08:06:16+00:00\" \/>\n<meta property=\"article:modified_time\" content=\"2025-05-26T09:36:47+00:00\" \/>\n<meta property=\"og:image\" content=\"https:\/\/zfl-lernen.de\/wp-content\/uploads\/eTeaching_MarieMeier.png\" \/>\n\t<meta property=\"og:image:width\" content=\"756\" \/>\n\t<meta property=\"og:image:height\" content=\"659\" \/>\n\t<meta property=\"og:image:type\" content=\"image\/png\" \/>\n<meta name=\"author\" content=\"Mara Dittmann\" \/>\n<meta name=\"twitter:card\" content=\"summary_large_image\" \/>\n<meta name=\"twitter:creator\" content=\"@Lehrer_innen\" \/>\n<meta name=\"twitter:site\" content=\"@Lehrer_innen\" \/>\n<meta name=\"twitter:label1\" content=\"Written by\" \/>\n\t<meta name=\"twitter:data1\" content=\"Mara Dittmann\" \/>\n\t<meta name=\"twitter:label2\" content=\"Est. reading time\" \/>\n\t<meta name=\"twitter:data2\" content=\"8 minutes\" \/>\n<script type=\"application\/ld+json\" class=\"yoast-schema-graph\">{\"@context\":\"https:\/\/schema.org\",\"@graph\":[{\"@type\":\"Article\",\"@id\":\"https:\/\/zfl-lernen.de\/wir-erzaehlen-die-martinsgeschichte\/#article\",\"isPartOf\":{\"@id\":\"https:\/\/zfl-lernen.de\/wir-erzaehlen-die-martinsgeschichte\/\"},\"author\":{\"name\":\"Mara Dittmann\",\"@id\":\"https:\/\/zfl-lernen.de\/#\/schema\/person\/aa909d18873350dccc0a47f05c1e5cda\"},\"headline\":\"Wir erz\u00e4hlen die Martinsgeschichte\",\"datePublished\":\"2022-01-05T08:06:16+00:00\",\"dateModified\":\"2025-05-26T09:36:47+00:00\",\"mainEntityOfPage\":{\"@id\":\"https:\/\/zfl-lernen.de\/wir-erzaehlen-die-martinsgeschichte\/\"},\"wordCount\":2325,\"image\":{\"@id\":\"https:\/\/zfl-lernen.de\/wir-erzaehlen-die-martinsgeschichte\/#primaryimage\"},\"thumbnailUrl\":\"https:\/\/zfl-lernen.de\/wp-content\/uploads\/eTeaching_MarieMeier.png\",\"keywords\":[\"Padlet\",\"vocaroo\"],\"articleSection\":[\"eTeaching Expert\"],\"inLanguage\":\"en-US\"},{\"@type\":\"WebPage\",\"@id\":\"https:\/\/zfl-lernen.de\/wir-erzaehlen-die-martinsgeschichte\/\",\"url\":\"https:\/\/zfl-lernen.de\/wir-erzaehlen-die-martinsgeschichte\/\",\"name\":\"Wir erz\u00e4hlen die Martinsgeschichte - ZfL Lernen\",\"isPartOf\":{\"@id\":\"https:\/\/zfl-lernen.de\/#website\"},\"primaryImageOfPage\":{\"@id\":\"https:\/\/zfl-lernen.de\/wir-erzaehlen-die-martinsgeschichte\/#primaryimage\"},\"image\":{\"@id\":\"https:\/\/zfl-lernen.de\/wir-erzaehlen-die-martinsgeschichte\/#primaryimage\"},\"thumbnailUrl\":\"https:\/\/zfl-lernen.de\/wp-content\/uploads\/eTeaching_MarieMeier.png\",\"datePublished\":\"2022-01-05T08:06:16+00:00\",\"dateModified\":\"2025-05-26T09:36:47+00:00\",\"author\":{\"@id\":\"https:\/\/zfl-lernen.de\/#\/schema\/person\/aa909d18873350dccc0a47f05c1e5cda\"},\"breadcrumb\":{\"@id\":\"https:\/\/zfl-lernen.de\/wir-erzaehlen-die-martinsgeschichte\/#breadcrumb\"},\"inLanguage\":\"en-US\",\"potentialAction\":[{\"@type\":\"ReadAction\",\"target\":[\"https:\/\/zfl-lernen.de\/wir-erzaehlen-die-martinsgeschichte\/\"]}]},{\"@type\":\"ImageObject\",\"inLanguage\":\"en-US\",\"@id\":\"https:\/\/zfl-lernen.de\/wir-erzaehlen-die-martinsgeschichte\/#primaryimage\",\"url\":\"https:\/\/zfl-lernen.de\/wp-content\/uploads\/eTeaching_MarieMeier.png\",\"contentUrl\":\"https:\/\/zfl-lernen.de\/wp-content\/uploads\/eTeaching_MarieMeier.png\",\"width\":756,\"height\":659},{\"@type\":\"BreadcrumbList\",\"@id\":\"https:\/\/zfl-lernen.de\/wir-erzaehlen-die-martinsgeschichte\/#breadcrumb\",\"itemListElement\":[{\"@type\":\"ListItem\",\"position\":1,\"name\":\"Startseite\",\"item\":\"https:\/\/zfl-lernen.de\/\"},{\"@type\":\"ListItem\",\"position\":2,\"name\":\"Wir erz\u00e4hlen die Martinsgeschichte\"}]},{\"@type\":\"WebSite\",\"@id\":\"https:\/\/zfl-lernen.de\/#website\",\"url\":\"https:\/\/zfl-lernen.de\/\",\"name\":\"ZfL Lernen\",\"description\":\"ZfL Offene Bildungsangebote\",\"potentialAction\":[{\"@type\":\"SearchAction\",\"target\":{\"@type\":\"EntryPoint\",\"urlTemplate\":\"https:\/\/zfl-lernen.de\/?s={search_term_string}\"},\"query-input\":{\"@type\":\"PropertyValueSpecification\",\"valueRequired\":true,\"valueName\":\"search_term_string\"}}],\"inLanguage\":\"en-US\"},{\"@type\":\"Person\",\"@id\":\"https:\/\/zfl-lernen.de\/#\/schema\/person\/aa909d18873350dccc0a47f05c1e5cda\",\"name\":\"Mara Dittmann\",\"url\":\"https:\/\/zfl-lernen.de\/en\/author\/mdittmann\/\"}]}<\/script>\n<!-- \/ Yoast SEO plugin. -->","yoast_head_json":{"title":"Wir erz\u00e4hlen die Martinsgeschichte - ZfL Lernen","robots":{"index":"index","follow":"follow","max-snippet":"max-snippet:-1","max-image-preview":"max-image-preview:large","max-video-preview":"max-video-preview:-1"},"canonical":"https:\/\/zfl-lernen.de\/en\/wir-erzaehlen-die-martinsgeschichte\/","og_locale":"en_US","og_type":"article","og_title":"Wir erz\u00e4hlen die Martinsgeschichte - ZfL Lernen","og_description":"In dieser Unterrichtssequenz werden ankn\u00fcpfend an Bereiche aus der Lebenswelt der Sch\u00fcler*innen anhand der Martinsgeschichte verschiedene Erz\u00e4hlstrategien einge\u00fcbt, um die Sprachkompetenz zu f\u00f6rdern.","og_url":"https:\/\/zfl-lernen.de\/en\/wir-erzaehlen-die-martinsgeschichte\/","og_site_name":"ZfL Lernen","article_publisher":"https:\/\/www.facebook.com\/zflkoeln","article_published_time":"2022-01-05T08:06:16+00:00","article_modified_time":"2025-05-26T09:36:47+00:00","og_image":[{"width":756,"height":659,"url":"https:\/\/zfl-lernen.de\/wp-content\/uploads\/eTeaching_MarieMeier.png","type":"image\/png"}],"author":"Mara Dittmann","twitter_card":"summary_large_image","twitter_creator":"@Lehrer_innen","twitter_site":"@Lehrer_innen","twitter_misc":{"Written by":"Mara Dittmann","Est. reading time":"8 minutes"},"schema":{"@context":"https:\/\/schema.org","@graph":[{"@type":"Article","@id":"https:\/\/zfl-lernen.de\/wir-erzaehlen-die-martinsgeschichte\/#article","isPartOf":{"@id":"https:\/\/zfl-lernen.de\/wir-erzaehlen-die-martinsgeschichte\/"},"author":{"name":"Mara Dittmann","@id":"https:\/\/zfl-lernen.de\/#\/schema\/person\/aa909d18873350dccc0a47f05c1e5cda"},"headline":"Wir erz\u00e4hlen die Martinsgeschichte","datePublished":"2022-01-05T08:06:16+00:00","dateModified":"2025-05-26T09:36:47+00:00","mainEntityOfPage":{"@id":"https:\/\/zfl-lernen.de\/wir-erzaehlen-die-martinsgeschichte\/"},"wordCount":2325,"image":{"@id":"https:\/\/zfl-lernen.de\/wir-erzaehlen-die-martinsgeschichte\/#primaryimage"},"thumbnailUrl":"https:\/\/zfl-lernen.de\/wp-content\/uploads\/eTeaching_MarieMeier.png","keywords":["Padlet","vocaroo"],"articleSection":["eTeaching Expert"],"inLanguage":"en-US"},{"@type":"WebPage","@id":"https:\/\/zfl-lernen.de\/wir-erzaehlen-die-martinsgeschichte\/","url":"https:\/\/zfl-lernen.de\/wir-erzaehlen-die-martinsgeschichte\/","name":"Wir erz\u00e4hlen die Martinsgeschichte - ZfL Lernen","isPartOf":{"@id":"https:\/\/zfl-lernen.de\/#website"},"primaryImageOfPage":{"@id":"https:\/\/zfl-lernen.de\/wir-erzaehlen-die-martinsgeschichte\/#primaryimage"},"image":{"@id":"https:\/\/zfl-lernen.de\/wir-erzaehlen-die-martinsgeschichte\/#primaryimage"},"thumbnailUrl":"https:\/\/zfl-lernen.de\/wp-content\/uploads\/eTeaching_MarieMeier.png","datePublished":"2022-01-05T08:06:16+00:00","dateModified":"2025-05-26T09:36:47+00:00","author":{"@id":"https:\/\/zfl-lernen.de\/#\/schema\/person\/aa909d18873350dccc0a47f05c1e5cda"},"breadcrumb":{"@id":"https:\/\/zfl-lernen.de\/wir-erzaehlen-die-martinsgeschichte\/#breadcrumb"},"inLanguage":"en-US","potentialAction":[{"@type":"ReadAction","target":["https:\/\/zfl-lernen.de\/wir-erzaehlen-die-martinsgeschichte\/"]}]},{"@type":"ImageObject","inLanguage":"en-US","@id":"https:\/\/zfl-lernen.de\/wir-erzaehlen-die-martinsgeschichte\/#primaryimage","url":"https:\/\/zfl-lernen.de\/wp-content\/uploads\/eTeaching_MarieMeier.png","contentUrl":"https:\/\/zfl-lernen.de\/wp-content\/uploads\/eTeaching_MarieMeier.png","width":756,"height":659},{"@type":"BreadcrumbList","@id":"https:\/\/zfl-lernen.de\/wir-erzaehlen-die-martinsgeschichte\/#breadcrumb","itemListElement":[{"@type":"ListItem","position":1,"name":"Startseite","item":"https:\/\/zfl-lernen.de\/"},{"@type":"ListItem","position":2,"name":"Wir erz\u00e4hlen die Martinsgeschichte"}]},{"@type":"WebSite","@id":"https:\/\/zfl-lernen.de\/#website","url":"https:\/\/zfl-lernen.de\/","name":"ZfL Lernen","description":"ZfL Offene Bildungsangebote","potentialAction":[{"@type":"SearchAction","target":{"@type":"EntryPoint","urlTemplate":"https:\/\/zfl-lernen.de\/?s={search_term_string}"},"query-input":{"@type":"PropertyValueSpecification","valueRequired":true,"valueName":"search_term_string"}}],"inLanguage":"en-US"},{"@type":"Person","@id":"https:\/\/zfl-lernen.de\/#\/schema\/person\/aa909d18873350dccc0a47f05c1e5cda","name":"Mara Dittmann","url":"https:\/\/zfl-lernen.de\/en\/author\/mdittmann\/"}]}},"_links":{"self":[{"href":"https:\/\/zfl-lernen.de\/en\/wp-json\/wp\/v2\/posts\/55733","targetHints":{"allow":["GET"]}}],"collection":[{"href":"https:\/\/zfl-lernen.de\/en\/wp-json\/wp\/v2\/posts"}],"about":[{"href":"https:\/\/zfl-lernen.de\/en\/wp-json\/wp\/v2\/types\/post"}],"author":[{"embeddable":true,"href":"https:\/\/zfl-lernen.de\/en\/wp-json\/wp\/v2\/users\/121"}],"replies":[{"embeddable":true,"href":"https:\/\/zfl-lernen.de\/en\/wp-json\/wp\/v2\/comments?post=55733"}],"version-history":[{"count":1,"href":"https:\/\/zfl-lernen.de\/en\/wp-json\/wp\/v2\/posts\/55733\/revisions"}],"predecessor-version":[{"id":83736,"href":"https:\/\/zfl-lernen.de\/en\/wp-json\/wp\/v2\/posts\/55733\/revisions\/83736"}],"wp:featuredmedia":[{"embeddable":true,"href":"https:\/\/zfl-lernen.de\/en\/wp-json\/wp\/v2\/media\/55819"}],"wp:attachment":[{"href":"https:\/\/zfl-lernen.de\/en\/wp-json\/wp\/v2\/media?parent=55733"}],"wp:term":[{"taxonomy":"category","embeddable":true,"href":"https:\/\/zfl-lernen.de\/en\/wp-json\/wp\/v2\/categories?post=55733"},{"taxonomy":"post_tag","embeddable":true,"href":"https:\/\/zfl-lernen.de\/en\/wp-json\/wp\/v2\/tags?post=55733"},{"taxonomy":"klassenstufe","embeddable":true,"href":"https:\/\/zfl-lernen.de\/en\/wp-json\/wp\/v2\/klassenstufe?post=55733"},{"taxonomy":"schulfach","embeddable":true,"href":"https:\/\/zfl-lernen.de\/en\/wp-json\/wp\/v2\/schulfach?post=55733"},{"taxonomy":"schulform","embeddable":true,"href":"https:\/\/zfl-lernen.de\/en\/wp-json\/wp\/v2\/schulform?post=55733"}],"curies":[{"name":"wp","href":"https:\/\/api.w.org\/{rel}","templated":true}]}}